{"id":2225,"date":"2026-03-17T10:37:12","date_gmt":"2026-03-17T14:37:12","guid":{"rendered":"https:\/\/www.placeportobello.com\/2026\/03\/17\/rencontre-avec-le-lapin-de-paques\/"},"modified":"2026-03-17T10:39:47","modified_gmt":"2026-03-17T14:39:47","slug":"rencontre-avec-le-lapin-de-paques","status":"publish","type":"post","link":"https:\/\/www.placeportobello.com\/fr\/2026\/03\/17\/rencontre-avec-le-lapin-de-paques\/","title":{"rendered":"Rencontre avec le lapin de P\u00e2ques"},"content":{"rendered":"\t\t<div data-elementor-type=\"wp-post\" data-elementor-id=\"2225\" class=\"elementor elementor-2225 elementor-2210\" data-elementor-post-type=\"post\">\n\t\t\t\t<div class=\"elementor-element elementor-element-0f8f783 e-grid e-con-boxed e-con e-parent\" data-id=\"0f8f783\" data-element_type=\"container\">\n\t\t\t\t\t<div class=\"e-con-inner\">\n\t\t<div class=\"elementor-element elementor-element-7bd2e92 e-con-full e-flex e-con e-child\" data-id=\"7bd2e92\" data-element_type=\"container\">\n\t\t\t\t<div class=\"elementor-element elementor-element-76b5d1d elementor-widget elementor-widget-text-editor\" data-id=\"76b5d1d\" data-element_type=\"widget\" data-widget_type=\"text-editor.default\">\n\t\t\t\t<div class=\"elementor-widget-container\">\n\t\t\t\t\t\t\t\t\t<p>Venez rencontrer le lapin de P\u00e2ques et d\u00e9guster des chocolats gratuits pendant que vous faites vos achats le samedi 4 avril, de 11 h \u00e0 15 h !*<\/p><p>Un grand merci \u00e0 Maxi pour avoir fourni les chocolats. Si vous avez des questions, n&#8217;h\u00e9sitez pas \u00e0 contacter <a href=\"mailto:properties@fcr.ca\">properties@fcr.ca<\/a>. <\/p><p>*Quantit\u00e9s limit\u00e9es<\/p>\t\t\t\t\t\t\t\t<\/div>\n\t\t\t\t<\/div>\n\t\t\t\t<\/div>\n\t\t\t\t<div class=\"elementor-element elementor-element-7763ff8 elementor-widget elementor-widget-image\" data-id=\"7763ff8\" data-element_type=\"widget\" data-widget_type=\"image.default\">\n\t\t\t\t<div class=\"elementor-widget-container\">\n\t\t\t\t\t\t\t\t\t\t\t\t\t\t\t<img fetchpriority=\"high\" decoding=\"async\" width=\"800\" height=\"948\" src=\"https:\/\/www.placeportobello.com\/wp-content\/uploads\/sites\/21\/2026\/03\/Easter-Fun-Day-Signs-22-x-28-in-e1773758219153-864x1024.jpg\" class=\"attachment-large size-large wp-image-2223\" alt=\"\" srcset=\"https:\/\/www.placeportobello.com\/wp-content\/uploads\/sites\/21\/2026\/03\/Easter-Fun-Day-Signs-22-x-28-in-e1773758219153-864x1024.jpg 864w, https:\/\/www.placeportobello.com\/wp-content\/uploads\/sites\/21\/2026\/03\/Easter-Fun-Day-Signs-22-x-28-in-e1773758219153-253x300.jpg 253w, https:\/\/www.placeportobello.com\/wp-content\/uploads\/sites\/21\/2026\/03\/Easter-Fun-Day-Signs-22-x-28-in-e1773758219153-768x911.jpg 768w, https:\/\/www.placeportobello.com\/wp-content\/uploads\/sites\/21\/2026\/03\/Easter-Fun-Day-Signs-22-x-28-in-e1773758219153-1296x1536.jpg 1296w, https:\/\/www.placeportobello.com\/wp-content\/uploads\/sites\/21\/2026\/03\/Easter-Fun-Day-Signs-22-x-28-in-e1773758219153.jpg 1320w\" sizes=\"(max-width: 800px) 100vw, 800px\" \/>\t\t\t\t\t\t\t\t\t\t\t\t\t\t\t<\/div>\n\t\t\t\t<\/div>\n\t\t\t\t\t<\/div>\n\t\t\t\t<\/div>\n\t\t\t\t<\/div>\n\t\t","protected":false},"excerpt":{"rendered":"<p>Venez rencontrer le lapin de P\u00e2ques et d\u00e9guster des chocolats gratuits pendant que vous faites vos achats le samedi 4 avril, de 11 h \u00e0 15 h !* Un grand merci \u00e0 Maxi pour avoir fourni les chocolats. Si vous avez des questions, n&#8217;h\u00e9sitez pas \u00e0 contacter properties@fcr.ca. *Quantit\u00e9s limit\u00e9es<\/p>\n","protected":false},"author":2,"featured_media":2224,"comment_status":"open","ping_status":"open","sticky":false,"template":"","format":"standard","meta":{"_acf_changed":false,"footnotes":""},"categories":[34],"tags":[],"class_list":["post-2225","post","type-post","status-publish","format-standard","has-post-thumbnail","hentry","category-non-categorise"],"acf":[],"yoast_head":"<!-- This site is optimized with the Yoast SEO plugin v26.0 - https:\/\/yoast.com\/wordpress\/plugins\/seo\/ -->\n<title>Rencontre avec le lapin de P\u00e2ques - Place Portobello<\/title>\n<meta name=\"robots\" content=\"index, follow, max-snippet:-1, max-image-preview:large, max-video-preview:-1\" \/>\n<link rel=\"canonical\" href=\"https:\/\/www.placeportobello.com\/fr\/2026\/03\/17\/rencontre-avec-le-lapin-de-paques\/\" \/>\n<meta property=\"og:locale\" content=\"fr_FR\" \/>\n<meta property=\"og:type\" content=\"article\" \/>\n<meta property=\"og:title\" content=\"Rencontre avec le lapin de P\u00e2ques - Place Portobello\" \/>\n<meta property=\"og:description\" content=\"Venez rencontrer le lapin de P\u00e2ques et d\u00e9guster des chocolats gratuits pendant que vous faites vos achats le samedi 4 avril, de 11 h \u00e0 15 h !* Un grand merci \u00e0 Maxi pour avoir fourni les chocolats. Si vous avez des questions, n&#8217;h\u00e9sitez pas \u00e0 contacter properties@fcr.ca. *Quantit\u00e9s limit\u00e9es\" \/>\n<meta property=\"og:url\" content=\"https:\/\/www.placeportobello.com\/fr\/2026\/03\/17\/rencontre-avec-le-lapin-de-paques\/\" \/>\n<meta property=\"og:site_name\" content=\"Place Portobello\" \/>\n<meta property=\"article:published_time\" content=\"2026-03-17T14:37:12+00:00\" \/>\n<meta property=\"article:modified_time\" content=\"2026-03-17T14:39:47+00:00\" \/>\n<meta property=\"og:image\" content=\"https:\/\/www.placeportobello.com\/wp-content\/uploads\/sites\/21\/2026\/03\/Property-Website-Post-Featured-Image-Wordpress-5.png\" \/>\n\t<meta property=\"og:image:width\" content=\"675\" \/>\n\t<meta property=\"og:image:height\" content=\"844\" \/>\n\t<meta property=\"og:image:type\" content=\"image\/png\" \/>\n<meta name=\"author\" content=\"Jesse Stellick\" \/>\n<meta name=\"twitter:card\" content=\"summary_large_image\" \/>\n<meta name=\"twitter:label1\" content=\"\u00c9crit par\" \/>\n\t<meta name=\"twitter:data1\" content=\"Jesse Stellick\" \/>\n<script type=\"application\/ld+json\" class=\"yoast-schema-graph\">{\"@context\":\"https:\/\/schema.org\",\"@graph\":[{\"@type\":\"WebPage\",\"@id\":\"https:\/\/www.placeportobello.com\/fr\/2026\/03\/17\/rencontre-avec-le-lapin-de-paques\/\",\"url\":\"https:\/\/www.placeportobello.com\/fr\/2026\/03\/17\/rencontre-avec-le-lapin-de-paques\/\",\"name\":\"Rencontre avec le lapin de P\u00e2ques - Place Portobello\",\"isPartOf\":{\"@id\":\"https:\/\/www.placeportobello.com\/fr\/#website\"},\"primaryImageOfPage\":{\"@id\":\"https:\/\/www.placeportobello.com\/fr\/2026\/03\/17\/rencontre-avec-le-lapin-de-paques\/#primaryimage\"},\"image\":{\"@id\":\"https:\/\/www.placeportobello.com\/fr\/2026\/03\/17\/rencontre-avec-le-lapin-de-paques\/#primaryimage\"},\"thumbnailUrl\":\"https:\/\/www.placeportobello.com\/wp-content\/uploads\/sites\/21\/2026\/03\/Property-Website-Post-Featured-Image-Wordpress-5.png\",\"datePublished\":\"2026-03-17T14:37:12+00:00\",\"dateModified\":\"2026-03-17T14:39:47+00:00\",\"author\":{\"@id\":\"https:\/\/www.placeportobello.com\/fr\/#\/schema\/person\/b13b2a047b588cb308dcd5a08199d7d5\"},\"breadcrumb\":{\"@id\":\"https:\/\/www.placeportobello.com\/fr\/2026\/03\/17\/rencontre-avec-le-lapin-de-paques\/#breadcrumb\"},\"inLanguage\":\"fr-FR\",\"potentialAction\":[{\"@type\":\"ReadAction\",\"target\":[\"https:\/\/www.placeportobello.com\/fr\/2026\/03\/17\/rencontre-avec-le-lapin-de-paques\/\"]}]},{\"@type\":\"ImageObject\",\"inLanguage\":\"fr-FR\",\"@id\":\"https:\/\/www.placeportobello.com\/fr\/2026\/03\/17\/rencontre-avec-le-lapin-de-paques\/#primaryimage\",\"url\":\"https:\/\/www.placeportobello.com\/wp-content\/uploads\/sites\/21\/2026\/03\/Property-Website-Post-Featured-Image-Wordpress-5.png\",\"contentUrl\":\"https:\/\/www.placeportobello.com\/wp-content\/uploads\/sites\/21\/2026\/03\/Property-Website-Post-Featured-Image-Wordpress-5.png\",\"width\":675,\"height\":844},{\"@type\":\"BreadcrumbList\",\"@id\":\"https:\/\/www.placeportobello.com\/fr\/2026\/03\/17\/rencontre-avec-le-lapin-de-paques\/#breadcrumb\",\"itemListElement\":[{\"@type\":\"ListItem\",\"position\":1,\"name\":\"Home\",\"item\":\"https:\/\/www.placeportobello.com\/fr\/\"},{\"@type\":\"ListItem\",\"position\":2,\"name\":\"Rencontre avec le lapin de P\u00e2ques\"}]},{\"@type\":\"WebSite\",\"@id\":\"https:\/\/www.placeportobello.com\/fr\/#website\",\"url\":\"https:\/\/www.placeportobello.com\/fr\/\",\"name\":\"Place Portobello\",\"description\":\"\",\"potentialAction\":[{\"@type\":\"SearchAction\",\"target\":{\"@type\":\"EntryPoint\",\"urlTemplate\":\"https:\/\/www.placeportobello.com\/fr\/?s={search_term_string}\"},\"query-input\":{\"@type\":\"PropertyValueSpecification\",\"valueRequired\":true,\"valueName\":\"search_term_string\"}}],\"inLanguage\":\"fr-FR\"},{\"@type\":\"Person\",\"@id\":\"https:\/\/www.placeportobello.com\/fr\/#\/schema\/person\/b13b2a047b588cb308dcd5a08199d7d5\",\"name\":\"Jesse Stellick\",\"image\":{\"@type\":\"ImageObject\",\"inLanguage\":\"fr-FR\",\"@id\":\"https:\/\/www.placeportobello.com\/fr\/#\/schema\/person\/image\/\",\"url\":\"https:\/\/secure.gravatar.com\/avatar\/c40e9b0a4eef799d1e46c11b2fb5768618c673b47f952ea8483f3a8be0bafcf2?s=96&d=mm&r=g\",\"contentUrl\":\"https:\/\/secure.gravatar.com\/avatar\/c40e9b0a4eef799d1e46c11b2fb5768618c673b47f952ea8483f3a8be0bafcf2?s=96&d=mm&r=g\",\"caption\":\"Jesse Stellick\"},\"url\":\"https:\/\/www.placeportobello.com\/fr\/author\/jesses\/\"}]}<\/script>\n<!-- \/ Yoast SEO plugin. -->","yoast_head_json":{"title":"Rencontre avec le lapin de P\u00e2ques - Place Portobello","robots":{"index":"index","follow":"follow","max-snippet":"max-snippet:-1","max-image-preview":"max-image-preview:large","max-video-preview":"max-video-preview:-1"},"canonical":"https:\/\/www.placeportobello.com\/fr\/2026\/03\/17\/rencontre-avec-le-lapin-de-paques\/","og_locale":"fr_FR","og_type":"article","og_title":"Rencontre avec le lapin de P\u00e2ques - Place Portobello","og_description":"Venez rencontrer le lapin de P\u00e2ques et d\u00e9guster des chocolats gratuits pendant que vous faites vos achats le samedi 4 avril, de 11 h \u00e0 15 h !* Un grand merci \u00e0 Maxi pour avoir fourni les chocolats. Si vous avez des questions, n&#8217;h\u00e9sitez pas \u00e0 contacter properties@fcr.ca. *Quantit\u00e9s limit\u00e9es","og_url":"https:\/\/www.placeportobello.com\/fr\/2026\/03\/17\/rencontre-avec-le-lapin-de-paques\/","og_site_name":"Place Portobello","article_published_time":"2026-03-17T14:37:12+00:00","article_modified_time":"2026-03-17T14:39:47+00:00","og_image":[{"width":675,"height":844,"url":"https:\/\/www.placeportobello.com\/wp-content\/uploads\/sites\/21\/2026\/03\/Property-Website-Post-Featured-Image-Wordpress-5.png","type":"image\/png"}],"author":"Jesse Stellick","twitter_card":"summary_large_image","twitter_misc":{"\u00c9crit par":"Jesse Stellick"},"schema":{"@context":"https:\/\/schema.org","@graph":[{"@type":"WebPage","@id":"https:\/\/www.placeportobello.com\/fr\/2026\/03\/17\/rencontre-avec-le-lapin-de-paques\/","url":"https:\/\/www.placeportobello.com\/fr\/2026\/03\/17\/rencontre-avec-le-lapin-de-paques\/","name":"Rencontre avec le lapin de P\u00e2ques - Place Portobello","isPartOf":{"@id":"https:\/\/www.placeportobello.com\/fr\/#website"},"primaryImageOfPage":{"@id":"https:\/\/www.placeportobello.com\/fr\/2026\/03\/17\/rencontre-avec-le-lapin-de-paques\/#primaryimage"},"image":{"@id":"https:\/\/www.placeportobello.com\/fr\/2026\/03\/17\/rencontre-avec-le-lapin-de-paques\/#primaryimage"},"thumbnailUrl":"https:\/\/www.placeportobello.com\/wp-content\/uploads\/sites\/21\/2026\/03\/Property-Website-Post-Featured-Image-Wordpress-5.png","datePublished":"2026-03-17T14:37:12+00:00","dateModified":"2026-03-17T14:39:47+00:00","author":{"@id":"https:\/\/www.placeportobello.com\/fr\/#\/schema\/person\/b13b2a047b588cb308dcd5a08199d7d5"},"breadcrumb":{"@id":"https:\/\/www.placeportobello.com\/fr\/2026\/03\/17\/rencontre-avec-le-lapin-de-paques\/#breadcrumb"},"inLanguage":"fr-FR","potentialAction":[{"@type":"ReadAction","target":["https:\/\/www.placeportobello.com\/fr\/2026\/03\/17\/rencontre-avec-le-lapin-de-paques\/"]}]},{"@type":"ImageObject","inLanguage":"fr-FR","@id":"https:\/\/www.placeportobello.com\/fr\/2026\/03\/17\/rencontre-avec-le-lapin-de-paques\/#primaryimage","url":"https:\/\/www.placeportobello.com\/wp-content\/uploads\/sites\/21\/2026\/03\/Property-Website-Post-Featured-Image-Wordpress-5.png","contentUrl":"https:\/\/www.placeportobello.com\/wp-content\/uploads\/sites\/21\/2026\/03\/Property-Website-Post-Featured-Image-Wordpress-5.png","width":675,"height":844},{"@type":"BreadcrumbList","@id":"https:\/\/www.placeportobello.com\/fr\/2026\/03\/17\/rencontre-avec-le-lapin-de-paques\/#breadcrumb","itemListElement":[{"@type":"ListItem","position":1,"name":"Home","item":"https:\/\/www.placeportobello.com\/fr\/"},{"@type":"ListItem","position":2,"name":"Rencontre avec le lapin de P\u00e2ques"}]},{"@type":"WebSite","@id":"https:\/\/www.placeportobello.com\/fr\/#website","url":"https:\/\/www.placeportobello.com\/fr\/","name":"Place Portobello","description":"","potentialAction":[{"@type":"SearchAction","target":{"@type":"EntryPoint","urlTemplate":"https:\/\/www.placeportobello.com\/fr\/?s={search_term_string}"},"query-input":{"@type":"PropertyValueSpecification","valueRequired":true,"valueName":"search_term_string"}}],"inLanguage":"fr-FR"},{"@type":"Person","@id":"https:\/\/www.placeportobello.com\/fr\/#\/schema\/person\/b13b2a047b588cb308dcd5a08199d7d5","name":"Jesse Stellick","image":{"@type":"ImageObject","inLanguage":"fr-FR","@id":"https:\/\/www.placeportobello.com\/fr\/#\/schema\/person\/image\/","url":"https:\/\/secure.gravatar.com\/avatar\/c40e9b0a4eef799d1e46c11b2fb5768618c673b47f952ea8483f3a8be0bafcf2?s=96&d=mm&r=g","contentUrl":"https:\/\/secure.gravatar.com\/avatar\/c40e9b0a4eef799d1e46c11b2fb5768618c673b47f952ea8483f3a8be0bafcf2?s=96&d=mm&r=g","caption":"Jesse Stellick"},"url":"https:\/\/www.placeportobello.com\/fr\/author\/jesses\/"}]}},"_links":{"self":[{"href":"https:\/\/www.placeportobello.com\/fr\/wp-json\/wp\/v2\/posts\/2225","targetHints":{"allow":["GET"]}}],"collection":[{"href":"https:\/\/www.placeportobello.com\/fr\/wp-json\/wp\/v2\/posts"}],"about":[{"href":"https:\/\/www.placeportobello.com\/fr\/wp-json\/wp\/v2\/types\/post"}],"author":[{"embeddable":true,"href":"https:\/\/www.placeportobello.com\/fr\/wp-json\/wp\/v2\/users\/2"}],"replies":[{"embeddable":true,"href":"https:\/\/www.placeportobello.com\/fr\/wp-json\/wp\/v2\/comments?post=2225"}],"version-history":[{"count":1,"href":"https:\/\/www.placeportobello.com\/fr\/wp-json\/wp\/v2\/posts\/2225\/revisions"}],"predecessor-version":[{"id":2226,"href":"https:\/\/www.placeportobello.com\/fr\/wp-json\/wp\/v2\/posts\/2225\/revisions\/2226"}],"wp:featuredmedia":[{"embeddable":true,"href":"https:\/\/www.placeportobello.com\/fr\/wp-json\/wp\/v2\/media\/2224"}],"wp:attachment":[{"href":"https:\/\/www.placeportobello.com\/fr\/wp-json\/wp\/v2\/media?parent=2225"}],"wp:term":[{"taxonomy":"category","embeddable":true,"href":"https:\/\/www.placeportobello.com\/fr\/wp-json\/wp\/v2\/categories?post=2225"},{"taxonomy":"post_tag","embeddable":true,"href":"https:\/\/www.placeportobello.com\/fr\/wp-json\/wp\/v2\/tags?post=2225"}],"curies":[{"name":"wp","href":"https:\/\/api.w.org\/{rel}","templated":true}]}}